{"id":3041,"date":"2023-10-20T09:01:08","date_gmt":"2023-10-20T07:01:08","guid":{"rendered":"https:\/\/classengroup.com\/?p=3041"},"modified":"2023-10-20T09:16:18","modified_gmt":"2023-10-20T07:16:18","slug":"die-classen-gruppe-praesentiert-sich-erstmalig-auf-dem-branchentag-holz-in-koeln","status":"publish","type":"post","link":"https:\/\/classengroup.com\/tr\/die-classen-gruppe-praesentiert-sich-erstmalig-auf-dem-branchentag-holz-in-koeln\/","title":{"rendered":"CLASSEN Grubu ilk kez K\u00f6ln'deki Branchentag Holz'da kendini tan\u0131t\u0131yor"},"content":{"rendered":"<p><strong>Cologne, 20 October 2023 - The CLASSEN Group, one of the leading manufacturers of high-quality laminate as well as CERAMIN wall and floor coverings, has announced its participation in this year's Branchentag Holz in Cologne, focusing on its first-class laminate range, the trend-setting PVC-free gluing\/clicking product concept \"NUVA\" (CERAMIN) and doors. The event will take place on 07 and 08 November 2023 at the K\u00f6ln Messezentrum and promises to be an exciting platform for knowledge exchange and the presentation of innovative products.<\/strong><\/p>\n\n\n\n<p>The Branchentag Holz is an important event for the wood industry and related sectors, which is awaited with great pleasure every year. CLASSEN is also participating for the first time as an exhibitor, presenting its flooring range and its sister division for high-quality doors over two stands. The flooring focus will be on laminate products and the revolutionary \"NUVA\" (CERAMIN) product concept, which will be presented for the first time at the show. This innovation promises to revolutionize the flooring market by offering an environmentally friendly alternative to conventional PVC flooring.<\/p>\n\n\n\n<p>\"Our participation in this event is of great importance as we will present the latest advances in the flooring industry,\" says Mathias Gorecki, Managing Director of CLASSEN Group. \"Our high-quality, water-resistant laminate floors have already earned an excellent reputation, and with the new \"NUVA\" (CERAMIN) product concept, we are setting the standard for sustainability and innovation in the industry.\"<\/p>\n\n\n\n<p class=\"translation-block\">Visitors are cordially invited to <strong>visit the CLASSEN Group booths in Hall 8, Booth E-020 (flooring) and Booth E-021 (doors),<\/strong> to learn more about their latest laminate products, the \"NUVA\" (CERAMIN) product concept and CLASSEN doors. The CLASSEN Group looks forward to inspiring conversations and the exchange of ideas at the Branchentag Holz in Cologne.<\/p>\n\n\n\n<p>CLASSEN Group ve K\u00f6ln'deki Ah\u015fap End\u00fcstrisi G\u00fcn\u00fc'ne kat\u0131l\u0131m\u0131 hakk\u0131nda daha fazla bilgi i\u00e7in l\u00fctfen \u015firketin resmi web sitesini ziyaret edin <a href=\"https:\/\/classengroup.com\/tr\/\">https:\/\/classengroup.com\/<\/a> veya \u015fu adresten \u015firketle ileti\u015fime ge\u00e7in <a href=\"mailto:messe@classen.de\">messe@classen.de<\/a><\/p>","protected":false},"excerpt":{"rendered":"<p>Y\u00fcksek kaliteli laminat\u0131n yan\u0131 s\u0131ra CERAMIN duvar ve zemin kaplamalar\u0131n\u0131n \u00f6nde gelen \u00fcreticilerinden biri olan CLASSEN Group, birinci s\u0131n\u0131f laminat serisine, trend belirleyen PVC i\u00e7ermeyen yap\u0131\u015ft\u0131rma \/ yap\u0131\u015ft\u0131rma \u00fcr\u00fcn konsepti \"NUVA\" (CERAMIN) ve kap\u0131lara odaklanarak bu y\u0131l K\u00f6ln'deki Branchentag Holz'a kat\u0131laca\u011f\u0131n\u0131 duyurdu. Etkinlik 07 ve 08 Kas\u0131m 2023 tarihlerinde K\u00f6ln Messezentrum'da ger\u00e7ekle\u015fecek.<\/p>","protected":false},"author":1,"featured_media":3042,"comment_status":"closed","ping_status":"open","sticky":false,"template":"","format":"standard","meta":{"_jetpack_memberships_contains_paid_content":false,"footnotes":""},"categories":[1],"tags":[],"class_list":["post-3041","post","type-post","status-publish","format-standard","has-post-thumbnail","hentry","category-uncategorized"],"yoast_head":"<!-- This site is optimized with the Yoast SEO plugin v27.5 - https:\/\/yoast.com\/product\/yoast-seo-wordpress\/ -->\n<title>Die CLASSEN-Gruppe pr\u00e4sentiert sich erstmalig auf dem Branchentag Holz in K\u00f6ln - CLASSEN Group<\/title>\n<meta name=\"robots\" content=\"index, follow, max-snippet:-1, max-image-preview:large, max-video-preview:-1\" \/>\n<link rel=\"canonical\" href=\"https:\/\/classengroup.com\/tr\/die-classen-gruppe-praesentiert-sich-erstmalig-auf-dem-branchentag-holz-in-koeln\/\" \/>\n<meta property=\"og:locale\" content=\"tr_TR\" \/>\n<meta property=\"og:type\" content=\"article\" \/>\n<meta property=\"og:title\" content=\"Die CLASSEN-Gruppe pr\u00e4sentiert sich erstmalig auf dem Branchentag Holz in K\u00f6ln - CLASSEN Group\" \/>\n<meta property=\"og:description\" content=\"Die CLASSEN Gruppe, einer der f\u00fchrenden Hersteller von hochwertigen Laminat- sowie CERAMIN Wand- und Bodenbel\u00e4gen, hat ihre Teilnahme am diesj\u00e4hrigen Branchentag Holz in K\u00f6ln angek\u00fcndigt, wobei der Schwerpunkt auf ihrem erstklassigen Laminatsortiment, dem richtungsweisenden PVC-freien Kleben\/Klicken Produktkonzept &quot;NUVA&quot; (CERAMIN) und T\u00fcren liegt. Die Veranstaltung findet am 07. und 08. November 2023 im K\u00f6ln Messezentrum statt.\" \/>\n<meta property=\"og:url\" content=\"https:\/\/classengroup.com\/tr\/die-classen-gruppe-praesentiert-sich-erstmalig-auf-dem-branchentag-holz-in-koeln\/\" \/>\n<meta property=\"og:site_name\" content=\"CLASSEN Group\" \/>\n<meta property=\"article:published_time\" content=\"2023-10-20T07:01:08+00:00\" \/>\n<meta property=\"article:modified_time\" content=\"2023-10-20T07:16:18+00:00\" \/>\n<meta property=\"og:image\" content=\"https:\/\/classengroup.com\/wp-content\/uploads\/2023\/10\/231011_classen_anzeige-bth-led-wall_2880x1080_v1-scaled.jpg\" \/>\n\t<meta property=\"og:image:width\" content=\"2560\" \/>\n\t<meta property=\"og:image:height\" content=\"1646\" \/>\n\t<meta property=\"og:image:type\" content=\"image\/jpeg\" \/>\n<meta name=\"author\" content=\"marketing\" \/>\n<meta name=\"twitter:card\" content=\"summary_large_image\" \/>\n<meta name=\"twitter:label1\" content=\"Yazan:\" \/>\n\t<meta name=\"twitter:data1\" content=\"marketing\" \/>\n\t<meta name=\"twitter:label2\" content=\"Tahmini okuma s\u00fcresi\" \/>\n\t<meta name=\"twitter:data2\" content=\"2 dakika\" \/>\n<script type=\"application\/ld+json\" class=\"yoast-schema-graph\">{\"@context\":\"https:\\\/\\\/schema.org\",\"@graph\":[{\"@type\":\"Article\",\"@id\":\"https:\\\/\\\/classengroup.com\\\/tr\\\/die-classen-gruppe-praesentiert-sich-erstmalig-auf-dem-branchentag-holz-in-koeln\\\/#article\",\"isPartOf\":{\"@id\":\"https:\\\/\\\/classengroup.com\\\/tr\\\/die-classen-gruppe-praesentiert-sich-erstmalig-auf-dem-branchentag-holz-in-koeln\\\/\"},\"author\":{\"name\":\"marketing\",\"@id\":\"https:\\\/\\\/classengroup.com\\\/#\\\/schema\\\/person\\\/f67c21ec0a80f66c2e550b1cf91f94aa\"},\"headline\":\"Die CLASSEN-Gruppe pr\u00e4sentiert sich erstmalig auf dem Branchentag Holz in K\u00f6ln\",\"datePublished\":\"2023-10-20T07:01:08+00:00\",\"dateModified\":\"2023-10-20T07:16:18+00:00\",\"mainEntityOfPage\":{\"@id\":\"https:\\\/\\\/classengroup.com\\\/tr\\\/die-classen-gruppe-praesentiert-sich-erstmalig-auf-dem-branchentag-holz-in-koeln\\\/\"},\"wordCount\":346,\"publisher\":{\"@id\":\"https:\\\/\\\/classengroup.com\\\/#organization\"},\"image\":{\"@id\":\"https:\\\/\\\/classengroup.com\\\/tr\\\/die-classen-gruppe-praesentiert-sich-erstmalig-auf-dem-branchentag-holz-in-koeln\\\/#primaryimage\"},\"thumbnailUrl\":\"https:\\\/\\\/classengroup.com\\\/wp-content\\\/uploads\\\/2023\\\/10\\\/231011_classen_anzeige-bth-led-wall_2880x1080_v1-scaled.jpg\",\"articleSection\":[\"Uncategorized\"],\"inLanguage\":\"tr\"},{\"@type\":\"WebPage\",\"@id\":\"https:\\\/\\\/classengroup.com\\\/tr\\\/die-classen-gruppe-praesentiert-sich-erstmalig-auf-dem-branchentag-holz-in-koeln\\\/\",\"url\":\"https:\\\/\\\/classengroup.com\\\/tr\\\/die-classen-gruppe-praesentiert-sich-erstmalig-auf-dem-branchentag-holz-in-koeln\\\/\",\"name\":\"Die CLASSEN-Gruppe pr\u00e4sentiert sich erstmalig auf dem Branchentag Holz in K\u00f6ln - CLASSEN Group\",\"isPartOf\":{\"@id\":\"https:\\\/\\\/classengroup.com\\\/#website\"},\"primaryImageOfPage\":{\"@id\":\"https:\\\/\\\/classengroup.com\\\/tr\\\/die-classen-gruppe-praesentiert-sich-erstmalig-auf-dem-branchentag-holz-in-koeln\\\/#primaryimage\"},\"image\":{\"@id\":\"https:\\\/\\\/classengroup.com\\\/tr\\\/die-classen-gruppe-praesentiert-sich-erstmalig-auf-dem-branchentag-holz-in-koeln\\\/#primaryimage\"},\"thumbnailUrl\":\"https:\\\/\\\/classengroup.com\\\/wp-content\\\/uploads\\\/2023\\\/10\\\/231011_classen_anzeige-bth-led-wall_2880x1080_v1-scaled.jpg\",\"datePublished\":\"2023-10-20T07:01:08+00:00\",\"dateModified\":\"2023-10-20T07:16:18+00:00\",\"breadcrumb\":{\"@id\":\"https:\\\/\\\/classengroup.com\\\/tr\\\/die-classen-gruppe-praesentiert-sich-erstmalig-auf-dem-branchentag-holz-in-koeln\\\/#breadcrumb\"},\"inLanguage\":\"tr\",\"potentialAction\":[{\"@type\":\"ReadAction\",\"target\":[\"https:\\\/\\\/classengroup.com\\\/tr\\\/die-classen-gruppe-praesentiert-sich-erstmalig-auf-dem-branchentag-holz-in-koeln\\\/\"]}]},{\"@type\":\"ImageObject\",\"inLanguage\":\"tr\",\"@id\":\"https:\\\/\\\/classengroup.com\\\/tr\\\/die-classen-gruppe-praesentiert-sich-erstmalig-auf-dem-branchentag-holz-in-koeln\\\/#primaryimage\",\"url\":\"https:\\\/\\\/classengroup.com\\\/wp-content\\\/uploads\\\/2023\\\/10\\\/231011_classen_anzeige-bth-led-wall_2880x1080_v1-scaled.jpg\",\"contentUrl\":\"https:\\\/\\\/classengroup.com\\\/wp-content\\\/uploads\\\/2023\\\/10\\\/231011_classen_anzeige-bth-led-wall_2880x1080_v1-scaled.jpg\",\"width\":2560,\"height\":1646},{\"@type\":\"BreadcrumbList\",\"@id\":\"https:\\\/\\\/classengroup.com\\\/tr\\\/die-classen-gruppe-praesentiert-sich-erstmalig-auf-dem-branchentag-holz-in-koeln\\\/#breadcrumb\",\"itemListElement\":[{\"@type\":\"ListItem\",\"position\":1,\"name\":\"Startseite\",\"item\":\"https:\\\/\\\/classengroup.com\\\/es\\\/\"},{\"@type\":\"ListItem\",\"position\":2,\"name\":\"Die CLASSEN-Gruppe pr\u00e4sentiert sich erstmalig auf dem Branchentag Holz in K\u00f6ln\"}]},{\"@type\":\"WebSite\",\"@id\":\"https:\\\/\\\/classengroup.com\\\/#website\",\"url\":\"https:\\\/\\\/classengroup.com\\\/\",\"name\":\"CLASSEN Group\",\"description\":\"Floors For A Better Tomorrow\",\"publisher\":{\"@id\":\"https:\\\/\\\/classengroup.com\\\/#organization\"},\"potentialAction\":[{\"@type\":\"SearchAction\",\"target\":{\"@type\":\"EntryPoint\",\"urlTemplate\":\"https:\\\/\\\/classengroup.com\\\/?s={search_term_string}\"},\"query-input\":{\"@type\":\"PropertyValueSpecification\",\"valueRequired\":true,\"valueName\":\"search_term_string\"}}],\"inLanguage\":\"tr\"},{\"@type\":\"Organization\",\"@id\":\"https:\\\/\\\/classengroup.com\\\/#organization\",\"name\":\"CLASSEN Group\",\"url\":\"https:\\\/\\\/classengroup.com\\\/\",\"logo\":{\"@type\":\"ImageObject\",\"inLanguage\":\"tr\",\"@id\":\"https:\\\/\\\/classengroup.com\\\/#\\\/schema\\\/logo\\\/image\\\/\",\"url\":\"https:\\\/\\\/classengroup.com\\\/wp-content\\\/uploads\\\/2022\\\/04\\\/CLASSEN-logo-2024-scaled.png\",\"contentUrl\":\"https:\\\/\\\/classengroup.com\\\/wp-content\\\/uploads\\\/2022\\\/04\\\/CLASSEN-logo-2024-scaled.png\",\"width\":2560,\"height\":442,\"caption\":\"CLASSEN Group\"},\"image\":{\"@id\":\"https:\\\/\\\/classengroup.com\\\/#\\\/schema\\\/logo\\\/image\\\/\"}},{\"@type\":\"Person\",\"@id\":\"https:\\\/\\\/classengroup.com\\\/#\\\/schema\\\/person\\\/f67c21ec0a80f66c2e550b1cf91f94aa\",\"name\":\"marketing\",\"image\":{\"@type\":\"ImageObject\",\"inLanguage\":\"tr\",\"@id\":\"https:\\\/\\\/secure.gravatar.com\\\/avatar\\\/b997569a99776ab173c406747549dec44b09923d1de11215358dcd6b1b833a18?s=96&d=mm&r=g\",\"url\":\"https:\\\/\\\/secure.gravatar.com\\\/avatar\\\/b997569a99776ab173c406747549dec44b09923d1de11215358dcd6b1b833a18?s=96&d=mm&r=g\",\"contentUrl\":\"https:\\\/\\\/secure.gravatar.com\\\/avatar\\\/b997569a99776ab173c406747549dec44b09923d1de11215358dcd6b1b833a18?s=96&d=mm&r=g\",\"caption\":\"marketing\"},\"sameAs\":[\"https:\\\/\\\/classengroup.com\"],\"url\":\"https:\\\/\\\/classengroup.com\\\/tr\\\/author\\\/marketing\\\/\"}]}<\/script>\n<!-- \/ Yoast SEO plugin. -->","yoast_head_json":{"title":"CLASSEN Group, K\u00f6ln'deki Ah\u015fap End\u00fcstrisi G\u00fcn\u00fc'nde ilk kez kendini tan\u0131t\u0131yor - CLASSEN Group","robots":{"index":"index","follow":"follow","max-snippet":"max-snippet:-1","max-image-preview":"max-image-preview:large","max-video-preview":"max-video-preview:-1"},"canonical":"https:\/\/classengroup.com\/tr\/die-classen-gruppe-praesentiert-sich-erstmalig-auf-dem-branchentag-holz-in-koeln\/","og_locale":"tr_TR","og_type":"article","og_title":"Die CLASSEN-Gruppe pr\u00e4sentiert sich erstmalig auf dem Branchentag Holz in K\u00f6ln - CLASSEN Group","og_description":"Die CLASSEN Gruppe, einer der f\u00fchrenden Hersteller von hochwertigen Laminat- sowie CERAMIN Wand- und Bodenbel\u00e4gen, hat ihre Teilnahme am diesj\u00e4hrigen Branchentag Holz in K\u00f6ln angek\u00fcndigt, wobei der Schwerpunkt auf ihrem erstklassigen Laminatsortiment, dem richtungsweisenden PVC-freien Kleben\/Klicken Produktkonzept \"NUVA\" (CERAMIN) und T\u00fcren liegt. Die Veranstaltung findet am 07. und 08. November 2023 im K\u00f6ln Messezentrum statt.","og_url":"https:\/\/classengroup.com\/tr\/die-classen-gruppe-praesentiert-sich-erstmalig-auf-dem-branchentag-holz-in-koeln\/","og_site_name":"CLASSEN Group","article_published_time":"2023-10-20T07:01:08+00:00","article_modified_time":"2023-10-20T07:16:18+00:00","og_image":[{"width":2560,"height":1646,"url":"https:\/\/classengroup.com\/wp-content\/uploads\/2023\/10\/231011_classen_anzeige-bth-led-wall_2880x1080_v1-scaled.jpg","type":"image\/jpeg"}],"author":"marketing","twitter_card":"summary_large_image","twitter_misc":{"Yazan:":"marketing","Tahmini okuma s\u00fcresi":"2 dakika"},"schema":{"@context":"https:\/\/schema.org","@graph":[{"@type":"Article","@id":"https:\/\/classengroup.com\/tr\/die-classen-gruppe-praesentiert-sich-erstmalig-auf-dem-branchentag-holz-in-koeln\/#article","isPartOf":{"@id":"https:\/\/classengroup.com\/tr\/die-classen-gruppe-praesentiert-sich-erstmalig-auf-dem-branchentag-holz-in-koeln\/"},"author":{"name":"marketing","@id":"https:\/\/classengroup.com\/#\/schema\/person\/f67c21ec0a80f66c2e550b1cf91f94aa"},"headline":"Die CLASSEN-Gruppe pr\u00e4sentiert sich erstmalig auf dem Branchentag Holz in K\u00f6ln","datePublished":"2023-10-20T07:01:08+00:00","dateModified":"2023-10-20T07:16:18+00:00","mainEntityOfPage":{"@id":"https:\/\/classengroup.com\/tr\/die-classen-gruppe-praesentiert-sich-erstmalig-auf-dem-branchentag-holz-in-koeln\/"},"wordCount":346,"publisher":{"@id":"https:\/\/classengroup.com\/#organization"},"image":{"@id":"https:\/\/classengroup.com\/tr\/die-classen-gruppe-praesentiert-sich-erstmalig-auf-dem-branchentag-holz-in-koeln\/#primaryimage"},"thumbnailUrl":"https:\/\/classengroup.com\/wp-content\/uploads\/2023\/10\/231011_classen_anzeige-bth-led-wall_2880x1080_v1-scaled.jpg","articleSection":["Uncategorized"],"inLanguage":"tr"},{"@type":"WebPage","@id":"https:\/\/classengroup.com\/tr\/die-classen-gruppe-praesentiert-sich-erstmalig-auf-dem-branchentag-holz-in-koeln\/","url":"https:\/\/classengroup.com\/tr\/die-classen-gruppe-praesentiert-sich-erstmalig-auf-dem-branchentag-holz-in-koeln\/","name":"CLASSEN Group, K\u00f6ln'deki Ah\u015fap End\u00fcstrisi G\u00fcn\u00fc'nde ilk kez kendini tan\u0131t\u0131yor - CLASSEN Group","isPartOf":{"@id":"https:\/\/classengroup.com\/#website"},"primaryImageOfPage":{"@id":"https:\/\/classengroup.com\/tr\/die-classen-gruppe-praesentiert-sich-erstmalig-auf-dem-branchentag-holz-in-koeln\/#primaryimage"},"image":{"@id":"https:\/\/classengroup.com\/tr\/die-classen-gruppe-praesentiert-sich-erstmalig-auf-dem-branchentag-holz-in-koeln\/#primaryimage"},"thumbnailUrl":"https:\/\/classengroup.com\/wp-content\/uploads\/2023\/10\/231011_classen_anzeige-bth-led-wall_2880x1080_v1-scaled.jpg","datePublished":"2023-10-20T07:01:08+00:00","dateModified":"2023-10-20T07:16:18+00:00","breadcrumb":{"@id":"https:\/\/classengroup.com\/tr\/die-classen-gruppe-praesentiert-sich-erstmalig-auf-dem-branchentag-holz-in-koeln\/#breadcrumb"},"inLanguage":"tr","potentialAction":[{"@type":"ReadAction","target":["https:\/\/classengroup.com\/tr\/die-classen-gruppe-praesentiert-sich-erstmalig-auf-dem-branchentag-holz-in-koeln\/"]}]},{"@type":"ImageObject","inLanguage":"tr","@id":"https:\/\/classengroup.com\/tr\/die-classen-gruppe-praesentiert-sich-erstmalig-auf-dem-branchentag-holz-in-koeln\/#primaryimage","url":"https:\/\/classengroup.com\/wp-content\/uploads\/2023\/10\/231011_classen_anzeige-bth-led-wall_2880x1080_v1-scaled.jpg","contentUrl":"https:\/\/classengroup.com\/wp-content\/uploads\/2023\/10\/231011_classen_anzeige-bth-led-wall_2880x1080_v1-scaled.jpg","width":2560,"height":1646},{"@type":"BreadcrumbList","@id":"https:\/\/classengroup.com\/tr\/die-classen-gruppe-praesentiert-sich-erstmalig-auf-dem-branchentag-holz-in-koeln\/#breadcrumb","itemListElement":[{"@type":"ListItem","position":1,"name":"Startseite","item":"https:\/\/classengroup.com\/es\/"},{"@type":"ListItem","position":2,"name":"Die CLASSEN-Gruppe pr\u00e4sentiert sich erstmalig auf dem Branchentag Holz in K\u00f6ln"}]},{"@type":"WebSite","@id":"https:\/\/classengroup.com\/#website","url":"https:\/\/classengroup.com\/","name":"CLASSEN Group","description":"Floors For A Better Tomorrow","publisher":{"@id":"https:\/\/classengroup.com\/#organization"},"potentialAction":[{"@type":"SearchAction","target":{"@type":"EntryPoint","urlTemplate":"https:\/\/classengroup.com\/?s={search_term_string}"},"query-input":{"@type":"PropertyValueSpecification","valueRequired":true,"valueName":"search_term_string"}}],"inLanguage":"tr"},{"@type":"Organization","@id":"https:\/\/classengroup.com\/#organization","name":"CLASSEN Group","url":"https:\/\/classengroup.com\/","logo":{"@type":"ImageObject","inLanguage":"tr","@id":"https:\/\/classengroup.com\/#\/schema\/logo\/image\/","url":"https:\/\/classengroup.com\/wp-content\/uploads\/2022\/04\/CLASSEN-logo-2024-scaled.png","contentUrl":"https:\/\/classengroup.com\/wp-content\/uploads\/2022\/04\/CLASSEN-logo-2024-scaled.png","width":2560,"height":442,"caption":"CLASSEN Group"},"image":{"@id":"https:\/\/classengroup.com\/#\/schema\/logo\/image\/"}},{"@type":"Person","@id":"https:\/\/classengroup.com\/#\/schema\/person\/f67c21ec0a80f66c2e550b1cf91f94aa","name":"marketing","image":{"@type":"ImageObject","inLanguage":"tr","@id":"https:\/\/secure.gravatar.com\/avatar\/b997569a99776ab173c406747549dec44b09923d1de11215358dcd6b1b833a18?s=96&d=mm&r=g","url":"https:\/\/secure.gravatar.com\/avatar\/b997569a99776ab173c406747549dec44b09923d1de11215358dcd6b1b833a18?s=96&d=mm&r=g","contentUrl":"https:\/\/secure.gravatar.com\/avatar\/b997569a99776ab173c406747549dec44b09923d1de11215358dcd6b1b833a18?s=96&d=mm&r=g","caption":"marketing"},"sameAs":["https:\/\/classengroup.com"],"url":"https:\/\/classengroup.com\/tr\/author\/marketing\/"}]}},"jetpack_featured_media_url":"https:\/\/classengroup.com\/wp-content\/uploads\/2023\/10\/231011_classen_anzeige-bth-led-wall_2880x1080_v1-scaled.jpg","jetpack_sharing_enabled":true,"_links":{"self":[{"href":"https:\/\/classengroup.com\/tr\/wp-json\/wp\/v2\/posts\/3041","targetHints":{"allow":["GET"]}}],"collection":[{"href":"https:\/\/classengroup.com\/tr\/wp-json\/wp\/v2\/posts"}],"about":[{"href":"https:\/\/classengroup.com\/tr\/wp-json\/wp\/v2\/types\/post"}],"author":[{"embeddable":true,"href":"https:\/\/classengroup.com\/tr\/wp-json\/wp\/v2\/users\/1"}],"replies":[{"embeddable":true,"href":"https:\/\/classengroup.com\/tr\/wp-json\/wp\/v2\/comments?post=3041"}],"version-history":[{"count":3,"href":"https:\/\/classengroup.com\/tr\/wp-json\/wp\/v2\/posts\/3041\/revisions"}],"predecessor-version":[{"id":3045,"href":"https:\/\/classengroup.com\/tr\/wp-json\/wp\/v2\/posts\/3041\/revisions\/3045"}],"wp:featuredmedia":[{"embeddable":true,"href":"https:\/\/classengroup.com\/tr\/wp-json\/wp\/v2\/media\/3042"}],"wp:attachment":[{"href":"https:\/\/classengroup.com\/tr\/wp-json\/wp\/v2\/media?parent=3041"}],"wp:term":[{"taxonomy":"category","embeddable":true,"href":"https:\/\/classengroup.com\/tr\/wp-json\/wp\/v2\/categories?post=3041"},{"taxonomy":"post_tag","embeddable":true,"href":"https:\/\/classengroup.com\/tr\/wp-json\/wp\/v2\/tags?post=3041"}],"curies":[{"name":"wp","href":"https:\/\/api.w.org\/{rel}","templated":true}]}}