{"id":3934,"date":"2024-08-05T11:41:05","date_gmt":"2024-08-05T09:41:05","guid":{"rendered":"https:\/\/classengroup.com\/?p=3934"},"modified":"2024-08-21T07:23:36","modified_gmt":"2024-08-21T05:23:36","slug":"classen-gruppe-veroeffentlicht-nachhaltigkeitsbericht-2022-23-engagement-fuer-nachhaltige-entwicklung-wird-sichtbar","status":"publish","type":"post","link":"https:\/\/classengroup.com\/tr\/classen-gruppe-veroeffentlicht-nachhaltigkeitsbericht-2022-23-engagement-fuer-nachhaltige-entwicklung-wird-sichtbar\/","title":{"rendered":"CLASSEN Group S\u00fcrd\u00fcr\u00fclebilirlik Raporu 2022\/23'\u00fc yay\u0131nlad\u0131: S\u00fcrd\u00fcr\u00fclebilir kalk\u0131nma taahh\u00fcd\u00fc g\u00f6r\u00fcn\u00fcr hale geliyor"},"content":{"rendered":"<p><strong>05 A\u011fustos 2024, Kaisersesch - CLASSEN Grubu, 2022\/23 y\u0131llar\u0131 i\u00e7in S\u00fcrd\u00fcr\u00fclebilirlik Raporunu yay\u0131nlad\u0131\u011f\u0131n\u0131 duyurmaktan memnuniyet duyar. Rapor, s\u00fcrd\u00fcr\u00fclebilir kalk\u0131nmaya olan ba\u011fl\u0131l\u0131\u011f\u0131m\u0131z\u0131 ve \u00e7evresel, sosyal ve y\u00f6neti\u015fim (ESG) alanlar\u0131ndaki ilerlememizi \u015feffaf bir \u015fekilde sunmak i\u00e7in \u00f6nemli bir ara\u00e7t\u0131r.<\/strong><\/p>\n\n\n\n<p>Bu rapor ile CLASSEN Grubu topluma ve \u00e7evreye kar\u015f\u0131 sorumlulu\u011funu vurgulamaktad\u0131r. S\u00fcrd\u00fcr\u00fclebilir giri\u015fimlerimiz ve \u00e7evresel ve sosyal hedeflerimize ula\u015fmak i\u00e7in son iki y\u0131lda ald\u0131\u011f\u0131m\u0131z \u00f6zel \u00f6nlemler hakk\u0131nda kapsaml\u0131 bir fikir vermektedir.<\/p>\n\n\n\n<p>\"S\u00fcrd\u00fcr\u00fclebilirlik bizim i\u00e7in sadece moda bir s\u00f6zc\u00fck de\u011fil, eylemlerimize y\u00f6n veren temel bir ilkedir. Bu raporu yay\u0131nlayarak payda\u015flar\u0131m\u0131za sorumlulu\u011fumuzu ne kadar ciddiye ald\u0131\u011f\u0131m\u0131z\u0131 g\u00f6steriyoruz. Sadece bilgilendirmeye de\u011fil, ayn\u0131 zamanda s\u00fcrd\u00fcr\u00fclebilir yakla\u015f\u0131m\u0131m\u0131z\u0131 s\u00fcrekli iyile\u015ftirmek i\u00e7in bizi motive etmeye de hizmet ediyor\" diye vurguluyor Muhasebe ve Finansal Muhasebe Ba\u015fkan\u0131 ve CLASSEN Group'un s\u00fcrd\u00fcr\u00fclebilirlik ekibinin bir par\u00e7as\u0131 olan Julie Quervel.<\/p>\n\n\n\n<p>Rapor, a\u015fa\u011f\u0131daki gibi temel \u00c7SY alanlar\u0131ndaki ilerlemeyi belgelemektedir<\/p>\n\n\n\n<ol class=\"wp-block-list\">\n<li><strong>\u00c7evre:<\/strong> CO2 emisyonlar\u0131n\u0131 azaltma \u00e7abalar\u0131m\u0131z, s\u00fcrd\u00fcr\u00fclebilir hammadde kullan\u0131m\u0131 ve \u00fcretim s\u00fcre\u00e7lerimizin s\u00fcrekli optimizasyonu \u00e7evresel etkimizi en aza indirmektedir.<\/li>\n\n\n\n<li><strong>Sosyal:<\/strong> Adil \u00e7al\u0131\u015fma ko\u015fullar\u0131na ba\u011fl\u0131l\u0131\u011f\u0131m\u0131z, \u00e7e\u015fitlili\u011fin ve kapsay\u0131c\u0131l\u0131\u011f\u0131n te\u015fvik edilmesi ve yerel topluluklara deste\u011fimiz.<\/li>\n\n\n\n<li><strong>Kurumsal y\u00f6netim:<\/strong> T\u00fcm faaliyetlerimizde g\u00fcven ve d\u00fcr\u00fcstl\u00fc\u011f\u00fc sa\u011flamak i\u00e7in \u015feffaf ve etik i\u015f uygulamalar\u0131n\u0131n daha da geli\u015ftirilmesi.<\/li>\n<\/ol>\n\n\n\n<p>Die Erstellung eines solchen Berichts ist das Ergebnis intensiver Zusammenarbeit und des Engagements vieler Mitarbeiterinnen und Mitarbeiter. Wir m\u00f6chten diese Gelegenheit nutzen, um uns herzlich bei Ihnen allen f\u00fcr Ihre engagierte Mitarbeit und Unterst\u00fctzung zu bedanken. Ihr Beitrag war entscheidend f\u00fcr die erfolgreiche Umsetzung unserer Nachhaltigkeitsstrategie.<\/p>\n\n\n\n<p>Der Nachhaltigkeitsbericht 2022\/23 steht ab sofort auf unserer Website zum Download bereit und wir laden alle Interessierten ein, sich \u00fcber unsere Initiativen und Fortschritte zu informieren.<\/p>\n\n\n\n<p><a href=\"https:\/\/www.yumpu.com\/de\/document\/read\/68768558\/classen-nachhaltigkeitsbericht-22-23-de\">Hier<\/a> s\u00fcrd\u00fcr\u00fclebilirlik raporunu ke\u015ffedebilirsiniz.<\/p>","protected":false},"excerpt":{"rendered":"<p>CLASSEN Grubu, 2022\/23 y\u0131llar\u0131 i\u00e7in S\u00fcrd\u00fcr\u00fclebilirlik Raporunu yay\u0131nlad\u0131\u011f\u0131n\u0131 duyurmaktan memnuniyet duyar. Rapor, s\u00fcrd\u00fcr\u00fclebilir kalk\u0131nmaya olan ba\u011fl\u0131l\u0131\u011f\u0131m\u0131z\u0131 ve \u00e7evresel, sosyal ve y\u00f6neti\u015fim (ESG) alanlar\u0131ndaki ilerlememizi \u015feffaf bir \u015fekilde sunmak i\u00e7in \u00f6nemli bir ara\u00e7t\u0131r.<\/p>","protected":false},"author":1,"featured_media":3935,"comment_status":"closed","ping_status":"open","sticky":false,"template":"","format":"standard","meta":{"_jetpack_memberships_contains_paid_content":false,"footnotes":""},"categories":[1],"tags":[],"class_list":["post-3934","post","type-post","status-publish","format-standard","has-post-thumbnail","hentry","category-uncategorized"],"yoast_head":"<!-- This site is optimized with the Yoast SEO plugin v27.5 - https:\/\/yoast.com\/product\/yoast-seo-wordpress\/ -->\n<title>CLASSEN Gruppe ver\u00f6ffentlicht Nachhaltigkeitsbericht 2022\/23: Engagement f\u00fcr nachhaltige Entwicklung wird sichtbar - CLASSEN Group<\/title>\n<meta name=\"robots\" content=\"index, follow, max-snippet:-1, max-image-preview:large, max-video-preview:-1\" \/>\n<link rel=\"canonical\" href=\"https:\/\/classengroup.com\/tr\/classen-gruppe-veroeffentlicht-nachhaltigkeitsbericht-2022-23-engagement-fuer-nachhaltige-entwicklung-wird-sichtbar\/\" \/>\n<meta property=\"og:locale\" content=\"tr_TR\" \/>\n<meta property=\"og:type\" content=\"article\" \/>\n<meta property=\"og:title\" content=\"CLASSEN Gruppe ver\u00f6ffentlicht Nachhaltigkeitsbericht 2022\/23: Engagement f\u00fcr nachhaltige Entwicklung wird sichtbar - CLASSEN Group\" \/>\n<meta property=\"og:description\" content=\"Die CLASSEN-Gruppe freut sich, die Ver\u00f6ffentlichung ihres Nachhaltigkeitsberichts f\u00fcr die Jahre 2022\/23 bekanntzugeben. Der Bericht ist ein zentrales Instrument, um unser Engagement f\u00fcr eine nachhaltige Entwicklung und unsere Fortschritte in den Bereichen Umwelt, Soziales und Unternehmensf\u00fchrung (ESG) transparent darzustellen.\" \/>\n<meta property=\"og:url\" content=\"https:\/\/classengroup.com\/tr\/classen-gruppe-veroeffentlicht-nachhaltigkeitsbericht-2022-23-engagement-fuer-nachhaltige-entwicklung-wird-sichtbar\/\" \/>\n<meta property=\"og:site_name\" content=\"CLASSEN Group\" \/>\n<meta property=\"article:published_time\" content=\"2024-08-05T09:41:05+00:00\" \/>\n<meta property=\"article:modified_time\" content=\"2024-08-21T05:23:36+00:00\" \/>\n<meta property=\"og:image\" content=\"https:\/\/classengroup.com\/wp-content\/uploads\/2024\/08\/240620_nachhaltigkeitsbericht_cel-jul-wen-3-Kopie.jpg\" \/>\n\t<meta property=\"og:image:width\" content=\"1249\" \/>\n\t<meta property=\"og:image:height\" content=\"829\" \/>\n\t<meta property=\"og:image:type\" content=\"image\/jpeg\" \/>\n<meta name=\"author\" content=\"marketing\" \/>\n<meta name=\"twitter:card\" content=\"summary_large_image\" \/>\n<meta name=\"twitter:label1\" content=\"Yazan:\" \/>\n\t<meta name=\"twitter:data1\" content=\"marketing\" \/>\n\t<meta name=\"twitter:label2\" content=\"Tahmini okuma s\u00fcresi\" \/>\n\t<meta name=\"twitter:data2\" content=\"2 dakika\" \/>\n<script type=\"application\/ld+json\" class=\"yoast-schema-graph\">{\"@context\":\"https:\\\/\\\/schema.org\",\"@graph\":[{\"@type\":\"Article\",\"@id\":\"https:\\\/\\\/classengroup.com\\\/classen-gruppe-veroeffentlicht-nachhaltigkeitsbericht-2022-23-engagement-fuer-nachhaltige-entwicklung-wird-sichtbar\\\/#article\",\"isPartOf\":{\"@id\":\"https:\\\/\\\/classengroup.com\\\/classen-gruppe-veroeffentlicht-nachhaltigkeitsbericht-2022-23-engagement-fuer-nachhaltige-entwicklung-wird-sichtbar\\\/\"},\"author\":{\"name\":\"marketing\",\"@id\":\"https:\\\/\\\/classengroup.com\\\/#\\\/schema\\\/person\\\/f67c21ec0a80f66c2e550b1cf91f94aa\"},\"headline\":\"CLASSEN Gruppe ver\u00f6ffentlicht Nachhaltigkeitsbericht 2022\\\/23: Engagement f\u00fcr nachhaltige Entwicklung wird sichtbar\",\"datePublished\":\"2024-08-05T09:41:05+00:00\",\"dateModified\":\"2024-08-21T05:23:36+00:00\",\"mainEntityOfPage\":{\"@id\":\"https:\\\/\\\/classengroup.com\\\/classen-gruppe-veroeffentlicht-nachhaltigkeitsbericht-2022-23-engagement-fuer-nachhaltige-entwicklung-wird-sichtbar\\\/\"},\"wordCount\":318,\"publisher\":{\"@id\":\"https:\\\/\\\/classengroup.com\\\/#organization\"},\"image\":{\"@id\":\"https:\\\/\\\/classengroup.com\\\/classen-gruppe-veroeffentlicht-nachhaltigkeitsbericht-2022-23-engagement-fuer-nachhaltige-entwicklung-wird-sichtbar\\\/#primaryimage\"},\"thumbnailUrl\":\"https:\\\/\\\/classengroup.com\\\/wp-content\\\/uploads\\\/2024\\\/08\\\/240620_nachhaltigkeitsbericht_cel-jul-wen-3-Kopie.jpg\",\"articleSection\":[\"Uncategorized\"],\"inLanguage\":\"tr\"},{\"@type\":\"WebPage\",\"@id\":\"https:\\\/\\\/classengroup.com\\\/classen-gruppe-veroeffentlicht-nachhaltigkeitsbericht-2022-23-engagement-fuer-nachhaltige-entwicklung-wird-sichtbar\\\/\",\"url\":\"https:\\\/\\\/classengroup.com\\\/classen-gruppe-veroeffentlicht-nachhaltigkeitsbericht-2022-23-engagement-fuer-nachhaltige-entwicklung-wird-sichtbar\\\/\",\"name\":\"CLASSEN Gruppe ver\u00f6ffentlicht Nachhaltigkeitsbericht 2022\\\/23: Engagement f\u00fcr nachhaltige Entwicklung wird sichtbar - CLASSEN Group\",\"isPartOf\":{\"@id\":\"https:\\\/\\\/classengroup.com\\\/#website\"},\"primaryImageOfPage\":{\"@id\":\"https:\\\/\\\/classengroup.com\\\/classen-gruppe-veroeffentlicht-nachhaltigkeitsbericht-2022-23-engagement-fuer-nachhaltige-entwicklung-wird-sichtbar\\\/#primaryimage\"},\"image\":{\"@id\":\"https:\\\/\\\/classengroup.com\\\/classen-gruppe-veroeffentlicht-nachhaltigkeitsbericht-2022-23-engagement-fuer-nachhaltige-entwicklung-wird-sichtbar\\\/#primaryimage\"},\"thumbnailUrl\":\"https:\\\/\\\/classengroup.com\\\/wp-content\\\/uploads\\\/2024\\\/08\\\/240620_nachhaltigkeitsbericht_cel-jul-wen-3-Kopie.jpg\",\"datePublished\":\"2024-08-05T09:41:05+00:00\",\"dateModified\":\"2024-08-21T05:23:36+00:00\",\"breadcrumb\":{\"@id\":\"https:\\\/\\\/classengroup.com\\\/classen-gruppe-veroeffentlicht-nachhaltigkeitsbericht-2022-23-engagement-fuer-nachhaltige-entwicklung-wird-sichtbar\\\/#breadcrumb\"},\"inLanguage\":\"tr\",\"potentialAction\":[{\"@type\":\"ReadAction\",\"target\":[\"https:\\\/\\\/classengroup.com\\\/classen-gruppe-veroeffentlicht-nachhaltigkeitsbericht-2022-23-engagement-fuer-nachhaltige-entwicklung-wird-sichtbar\\\/\"]}]},{\"@type\":\"ImageObject\",\"inLanguage\":\"tr\",\"@id\":\"https:\\\/\\\/classengroup.com\\\/classen-gruppe-veroeffentlicht-nachhaltigkeitsbericht-2022-23-engagement-fuer-nachhaltige-entwicklung-wird-sichtbar\\\/#primaryimage\",\"url\":\"https:\\\/\\\/classengroup.com\\\/wp-content\\\/uploads\\\/2024\\\/08\\\/240620_nachhaltigkeitsbericht_cel-jul-wen-3-Kopie.jpg\",\"contentUrl\":\"https:\\\/\\\/classengroup.com\\\/wp-content\\\/uploads\\\/2024\\\/08\\\/240620_nachhaltigkeitsbericht_cel-jul-wen-3-Kopie.jpg\",\"width\":1249,\"height\":829},{\"@type\":\"BreadcrumbList\",\"@id\":\"https:\\\/\\\/classengroup.com\\\/classen-gruppe-veroeffentlicht-nachhaltigkeitsbericht-2022-23-engagement-fuer-nachhaltige-entwicklung-wird-sichtbar\\\/#breadcrumb\",\"itemListElement\":[{\"@type\":\"ListItem\",\"position\":1,\"name\":\"Startseite\",\"item\":\"https:\\\/\\\/classengroup.com\\\/es\\\/\"},{\"@type\":\"ListItem\",\"position\":2,\"name\":\"CLASSEN Gruppe ver\u00f6ffentlicht Nachhaltigkeitsbericht 2022\\\/23: Engagement f\u00fcr nachhaltige Entwicklung wird sichtbar\"}]},{\"@type\":\"WebSite\",\"@id\":\"https:\\\/\\\/classengroup.com\\\/#website\",\"url\":\"https:\\\/\\\/classengroup.com\\\/\",\"name\":\"CLASSEN Group\",\"description\":\"Floors For A Better Tomorrow\",\"publisher\":{\"@id\":\"https:\\\/\\\/classengroup.com\\\/#organization\"},\"potentialAction\":[{\"@type\":\"SearchAction\",\"target\":{\"@type\":\"EntryPoint\",\"urlTemplate\":\"https:\\\/\\\/classengroup.com\\\/?s={search_term_string}\"},\"query-input\":{\"@type\":\"PropertyValueSpecification\",\"valueRequired\":true,\"valueName\":\"search_term_string\"}}],\"inLanguage\":\"tr\"},{\"@type\":\"Organization\",\"@id\":\"https:\\\/\\\/classengroup.com\\\/#organization\",\"name\":\"CLASSEN Group\",\"url\":\"https:\\\/\\\/classengroup.com\\\/\",\"logo\":{\"@type\":\"ImageObject\",\"inLanguage\":\"tr\",\"@id\":\"https:\\\/\\\/classengroup.com\\\/#\\\/schema\\\/logo\\\/image\\\/\",\"url\":\"https:\\\/\\\/classengroup.com\\\/wp-content\\\/uploads\\\/2022\\\/04\\\/CLASSEN-logo-2024-scaled.png\",\"contentUrl\":\"https:\\\/\\\/classengroup.com\\\/wp-content\\\/uploads\\\/2022\\\/04\\\/CLASSEN-logo-2024-scaled.png\",\"width\":2560,\"height\":442,\"caption\":\"CLASSEN Group\"},\"image\":{\"@id\":\"https:\\\/\\\/classengroup.com\\\/#\\\/schema\\\/logo\\\/image\\\/\"}},{\"@type\":\"Person\",\"@id\":\"https:\\\/\\\/classengroup.com\\\/#\\\/schema\\\/person\\\/f67c21ec0a80f66c2e550b1cf91f94aa\",\"name\":\"marketing\",\"image\":{\"@type\":\"ImageObject\",\"inLanguage\":\"tr\",\"@id\":\"https:\\\/\\\/secure.gravatar.com\\\/avatar\\\/b997569a99776ab173c406747549dec44b09923d1de11215358dcd6b1b833a18?s=96&d=mm&r=g\",\"url\":\"https:\\\/\\\/secure.gravatar.com\\\/avatar\\\/b997569a99776ab173c406747549dec44b09923d1de11215358dcd6b1b833a18?s=96&d=mm&r=g\",\"contentUrl\":\"https:\\\/\\\/secure.gravatar.com\\\/avatar\\\/b997569a99776ab173c406747549dec44b09923d1de11215358dcd6b1b833a18?s=96&d=mm&r=g\",\"caption\":\"marketing\"},\"sameAs\":[\"https:\\\/\\\/classengroup.com\"],\"url\":\"https:\\\/\\\/classengroup.com\\\/tr\\\/author\\\/marketing\\\/\"}]}<\/script>\n<!-- \/ Yoast SEO plugin. -->","yoast_head_json":{"title":"CLASSEN Group S\u00fcrd\u00fcr\u00fclebilirlik Raporu 2022\/23'\u00fc yay\u0131nlad\u0131: S\u00fcrd\u00fcr\u00fclebilir kalk\u0131nma taahh\u00fcd\u00fc g\u00f6r\u00fcn\u00fcr hale geliyor - CLASSEN Group","robots":{"index":"index","follow":"follow","max-snippet":"max-snippet:-1","max-image-preview":"max-image-preview:large","max-video-preview":"max-video-preview:-1"},"canonical":"https:\/\/classengroup.com\/tr\/classen-gruppe-veroeffentlicht-nachhaltigkeitsbericht-2022-23-engagement-fuer-nachhaltige-entwicklung-wird-sichtbar\/","og_locale":"tr_TR","og_type":"article","og_title":"CLASSEN Gruppe ver\u00f6ffentlicht Nachhaltigkeitsbericht 2022\/23: Engagement f\u00fcr nachhaltige Entwicklung wird sichtbar - CLASSEN Group","og_description":"Die CLASSEN-Gruppe freut sich, die Ver\u00f6ffentlichung ihres Nachhaltigkeitsberichts f\u00fcr die Jahre 2022\/23 bekanntzugeben. Der Bericht ist ein zentrales Instrument, um unser Engagement f\u00fcr eine nachhaltige Entwicklung und unsere Fortschritte in den Bereichen Umwelt, Soziales und Unternehmensf\u00fchrung (ESG) transparent darzustellen.","og_url":"https:\/\/classengroup.com\/tr\/classen-gruppe-veroeffentlicht-nachhaltigkeitsbericht-2022-23-engagement-fuer-nachhaltige-entwicklung-wird-sichtbar\/","og_site_name":"CLASSEN Group","article_published_time":"2024-08-05T09:41:05+00:00","article_modified_time":"2024-08-21T05:23:36+00:00","og_image":[{"width":1249,"height":829,"url":"https:\/\/classengroup.com\/wp-content\/uploads\/2024\/08\/240620_nachhaltigkeitsbericht_cel-jul-wen-3-Kopie.jpg","type":"image\/jpeg"}],"author":"marketing","twitter_card":"summary_large_image","twitter_misc":{"Yazan:":"marketing","Tahmini okuma s\u00fcresi":"2 dakika"},"schema":{"@context":"https:\/\/schema.org","@graph":[{"@type":"Article","@id":"https:\/\/classengroup.com\/classen-gruppe-veroeffentlicht-nachhaltigkeitsbericht-2022-23-engagement-fuer-nachhaltige-entwicklung-wird-sichtbar\/#article","isPartOf":{"@id":"https:\/\/classengroup.com\/classen-gruppe-veroeffentlicht-nachhaltigkeitsbericht-2022-23-engagement-fuer-nachhaltige-entwicklung-wird-sichtbar\/"},"author":{"name":"marketing","@id":"https:\/\/classengroup.com\/#\/schema\/person\/f67c21ec0a80f66c2e550b1cf91f94aa"},"headline":"CLASSEN Gruppe ver\u00f6ffentlicht Nachhaltigkeitsbericht 2022\/23: Engagement f\u00fcr nachhaltige Entwicklung wird sichtbar","datePublished":"2024-08-05T09:41:05+00:00","dateModified":"2024-08-21T05:23:36+00:00","mainEntityOfPage":{"@id":"https:\/\/classengroup.com\/classen-gruppe-veroeffentlicht-nachhaltigkeitsbericht-2022-23-engagement-fuer-nachhaltige-entwicklung-wird-sichtbar\/"},"wordCount":318,"publisher":{"@id":"https:\/\/classengroup.com\/#organization"},"image":{"@id":"https:\/\/classengroup.com\/classen-gruppe-veroeffentlicht-nachhaltigkeitsbericht-2022-23-engagement-fuer-nachhaltige-entwicklung-wird-sichtbar\/#primaryimage"},"thumbnailUrl":"https:\/\/classengroup.com\/wp-content\/uploads\/2024\/08\/240620_nachhaltigkeitsbericht_cel-jul-wen-3-Kopie.jpg","articleSection":["Uncategorized"],"inLanguage":"tr"},{"@type":"WebPage","@id":"https:\/\/classengroup.com\/classen-gruppe-veroeffentlicht-nachhaltigkeitsbericht-2022-23-engagement-fuer-nachhaltige-entwicklung-wird-sichtbar\/","url":"https:\/\/classengroup.com\/classen-gruppe-veroeffentlicht-nachhaltigkeitsbericht-2022-23-engagement-fuer-nachhaltige-entwicklung-wird-sichtbar\/","name":"CLASSEN Group S\u00fcrd\u00fcr\u00fclebilirlik Raporu 2022\/23'\u00fc yay\u0131nlad\u0131: S\u00fcrd\u00fcr\u00fclebilir kalk\u0131nma taahh\u00fcd\u00fc g\u00f6r\u00fcn\u00fcr hale geliyor - CLASSEN Group","isPartOf":{"@id":"https:\/\/classengroup.com\/#website"},"primaryImageOfPage":{"@id":"https:\/\/classengroup.com\/classen-gruppe-veroeffentlicht-nachhaltigkeitsbericht-2022-23-engagement-fuer-nachhaltige-entwicklung-wird-sichtbar\/#primaryimage"},"image":{"@id":"https:\/\/classengroup.com\/classen-gruppe-veroeffentlicht-nachhaltigkeitsbericht-2022-23-engagement-fuer-nachhaltige-entwicklung-wird-sichtbar\/#primaryimage"},"thumbnailUrl":"https:\/\/classengroup.com\/wp-content\/uploads\/2024\/08\/240620_nachhaltigkeitsbericht_cel-jul-wen-3-Kopie.jpg","datePublished":"2024-08-05T09:41:05+00:00","dateModified":"2024-08-21T05:23:36+00:00","breadcrumb":{"@id":"https:\/\/classengroup.com\/classen-gruppe-veroeffentlicht-nachhaltigkeitsbericht-2022-23-engagement-fuer-nachhaltige-entwicklung-wird-sichtbar\/#breadcrumb"},"inLanguage":"tr","potentialAction":[{"@type":"ReadAction","target":["https:\/\/classengroup.com\/classen-gruppe-veroeffentlicht-nachhaltigkeitsbericht-2022-23-engagement-fuer-nachhaltige-entwicklung-wird-sichtbar\/"]}]},{"@type":"ImageObject","inLanguage":"tr","@id":"https:\/\/classengroup.com\/classen-gruppe-veroeffentlicht-nachhaltigkeitsbericht-2022-23-engagement-fuer-nachhaltige-entwicklung-wird-sichtbar\/#primaryimage","url":"https:\/\/classengroup.com\/wp-content\/uploads\/2024\/08\/240620_nachhaltigkeitsbericht_cel-jul-wen-3-Kopie.jpg","contentUrl":"https:\/\/classengroup.com\/wp-content\/uploads\/2024\/08\/240620_nachhaltigkeitsbericht_cel-jul-wen-3-Kopie.jpg","width":1249,"height":829},{"@type":"BreadcrumbList","@id":"https:\/\/classengroup.com\/classen-gruppe-veroeffentlicht-nachhaltigkeitsbericht-2022-23-engagement-fuer-nachhaltige-entwicklung-wird-sichtbar\/#breadcrumb","itemListElement":[{"@type":"ListItem","position":1,"name":"Startseite","item":"https:\/\/classengroup.com\/es\/"},{"@type":"ListItem","position":2,"name":"CLASSEN Gruppe ver\u00f6ffentlicht Nachhaltigkeitsbericht 2022\/23: Engagement f\u00fcr nachhaltige Entwicklung wird sichtbar"}]},{"@type":"WebSite","@id":"https:\/\/classengroup.com\/#website","url":"https:\/\/classengroup.com\/","name":"CLASSEN Group","description":"Floors For A Better Tomorrow","publisher":{"@id":"https:\/\/classengroup.com\/#organization"},"potentialAction":[{"@type":"SearchAction","target":{"@type":"EntryPoint","urlTemplate":"https:\/\/classengroup.com\/?s={search_term_string}"},"query-input":{"@type":"PropertyValueSpecification","valueRequired":true,"valueName":"search_term_string"}}],"inLanguage":"tr"},{"@type":"Organization","@id":"https:\/\/classengroup.com\/#organization","name":"CLASSEN Group","url":"https:\/\/classengroup.com\/","logo":{"@type":"ImageObject","inLanguage":"tr","@id":"https:\/\/classengroup.com\/#\/schema\/logo\/image\/","url":"https:\/\/classengroup.com\/wp-content\/uploads\/2022\/04\/CLASSEN-logo-2024-scaled.png","contentUrl":"https:\/\/classengroup.com\/wp-content\/uploads\/2022\/04\/CLASSEN-logo-2024-scaled.png","width":2560,"height":442,"caption":"CLASSEN Group"},"image":{"@id":"https:\/\/classengroup.com\/#\/schema\/logo\/image\/"}},{"@type":"Person","@id":"https:\/\/classengroup.com\/#\/schema\/person\/f67c21ec0a80f66c2e550b1cf91f94aa","name":"marketing","image":{"@type":"ImageObject","inLanguage":"tr","@id":"https:\/\/secure.gravatar.com\/avatar\/b997569a99776ab173c406747549dec44b09923d1de11215358dcd6b1b833a18?s=96&d=mm&r=g","url":"https:\/\/secure.gravatar.com\/avatar\/b997569a99776ab173c406747549dec44b09923d1de11215358dcd6b1b833a18?s=96&d=mm&r=g","contentUrl":"https:\/\/secure.gravatar.com\/avatar\/b997569a99776ab173c406747549dec44b09923d1de11215358dcd6b1b833a18?s=96&d=mm&r=g","caption":"marketing"},"sameAs":["https:\/\/classengroup.com"],"url":"https:\/\/classengroup.com\/tr\/author\/marketing\/"}]}},"jetpack_featured_media_url":"https:\/\/classengroup.com\/wp-content\/uploads\/2024\/08\/240620_nachhaltigkeitsbericht_cel-jul-wen-3-Kopie.jpg","jetpack_sharing_enabled":true,"_links":{"self":[{"href":"https:\/\/classengroup.com\/tr\/wp-json\/wp\/v2\/posts\/3934","targetHints":{"allow":["GET"]}}],"collection":[{"href":"https:\/\/classengroup.com\/tr\/wp-json\/wp\/v2\/posts"}],"about":[{"href":"https:\/\/classengroup.com\/tr\/wp-json\/wp\/v2\/types\/post"}],"author":[{"embeddable":true,"href":"https:\/\/classengroup.com\/tr\/wp-json\/wp\/v2\/users\/1"}],"replies":[{"embeddable":true,"href":"https:\/\/classengroup.com\/tr\/wp-json\/wp\/v2\/comments?post=3934"}],"version-history":[{"count":3,"href":"https:\/\/classengroup.com\/tr\/wp-json\/wp\/v2\/posts\/3934\/revisions"}],"predecessor-version":[{"id":4001,"href":"https:\/\/classengroup.com\/tr\/wp-json\/wp\/v2\/posts\/3934\/revisions\/4001"}],"wp:featuredmedia":[{"embeddable":true,"href":"https:\/\/classengroup.com\/tr\/wp-json\/wp\/v2\/media\/3935"}],"wp:attachment":[{"href":"https:\/\/classengroup.com\/tr\/wp-json\/wp\/v2\/media?parent=3934"}],"wp:term":[{"taxonomy":"category","embeddable":true,"href":"https:\/\/classengroup.com\/tr\/wp-json\/wp\/v2\/categories?post=3934"},{"taxonomy":"post_tag","embeddable":true,"href":"https:\/\/classengroup.com\/tr\/wp-json\/wp\/v2\/tags?post=3934"}],"curies":[{"name":"wp","href":"https:\/\/api.w.org\/{rel}","templated":true}]}}